{"id":185,"date":"2018-09-17T19:44:02","date_gmt":"2018-09-17T19:44:02","guid":{"rendered":"http:\/\/home.kaninchenversteigerung.de\/?p=185"},"modified":"2018-09-17T19:47:05","modified_gmt":"2018-09-17T19:47:05","slug":"185","status":"publish","type":"post","link":"http:\/\/home.kaninchenversteigerung.de\/?p=185","title":{"rendered":"1,0 Farbenzwerg, gelbsilber-farbig &#8211; das n\u00e4chste Kaninchen mit Bild zur Auktion 2018\/19"},"content":{"rendered":"<p>Auch die 23-j\u00e4hrige Vanessa Voigt aus Angelbachtal spendet ein Kaninchen zu unserer Auktion 2018 \/ 2019.<\/p>\n<p>Es handelt sich dabei um einen Rammler der Rasse Farbenzwerge, gelbsilber-farbig aus diesem Zuchtjahr. Das Tier ist aktuell noch nicht bewertet, hat allerdings eine sehr gute Silberung, auch am Kopf, an der Schnauze, den Vorderl\u00e4ufe und an den Ohren. Aktuell betr\u00e4gt sein Gewicht ca. 1200 Gramm. Dar\u00fcber hinaus hat der Rammler eine Ohrl\u00e4nge von 5,8 cm.<\/p>\n<p><img decoding=\"async\" loading=\"lazy\" class=\" wp-image-186 aligncenter\" src=\"http:\/\/home.kaninchenversteigerung.de\/wp-content\/uploads\/2018\/09\/IMG_20180903_111550-01-300x212.jpeg\" alt=\"\" width=\"415\" height=\"293\" srcset=\"http:\/\/home.kaninchenversteigerung.de\/wp-content\/uploads\/2018\/09\/IMG_20180903_111550-01-300x212.jpeg 300w, http:\/\/home.kaninchenversteigerung.de\/wp-content\/uploads\/2018\/09\/IMG_20180903_111550-01-768x544.jpeg 768w, http:\/\/home.kaninchenversteigerung.de\/wp-content\/uploads\/2018\/09\/IMG_20180903_111550-01-1024x725.jpeg 1024w, http:\/\/home.kaninchenversteigerung.de\/wp-content\/uploads\/2018\/09\/IMG_20180903_111550-01.jpeg 1205w\" sizes=\"(max-width: 415px) 100vw, 415px\" \/><\/p>\n<p>Vanessa Voigt geh\u00f6rte zu den ersten 5 Teilnehmern unserer Auktion und hat bereits eine Infomappe f\u00fcr die kommende Bundesrammlerschau in Halle \/ Saale bekommen.<\/p>\n<p>Vielen Dank noch einmal f\u00fcr dieses sch\u00f6ne Tier, wir hoffen dass es nach der Auktion seinen Platz in einer tollen Zucht finden wird.<\/p>\n","protected":false},"excerpt":{"rendered":"<p>Auch die 23-j\u00e4hrige Vanessa Voigt aus Angelbachtal spendet ein Kaninchen zu unserer Auktion 2018 \/ 2019. Es handelt sich dabei um einen Rammler der Rasse Farbenzwerge, gelbsilber-farbig aus diesem Zuchtjahr. Das Tier ist aktuell noch nicht bewertet, hat allerdings eine sehr gute Silberung, auch am Kopf, an der Schnauze, den Vorderl\u00e4ufe und an den Ohren. <a class=\"more-link\" href=\"http:\/\/home.kaninchenversteigerung.de\/?p=185\">weiterlesen&#8230;<\/a><\/p>\n","protected":false},"author":1,"featured_media":187,"comment_status":"open","ping_status":"open","sticky":false,"template":"","format":"standard","meta":{"footnotes":""},"categories":[3],"tags":[9,20,4],"_links":{"self":[{"href":"http:\/\/home.kaninchenversteigerung.de\/index.php?rest_route=\/wp\/v2\/posts\/185"}],"collection":[{"href":"http:\/\/home.kaninchenversteigerung.de\/index.php?rest_route=\/wp\/v2\/posts"}],"about":[{"href":"http:\/\/home.kaninchenversteigerung.de\/index.php?rest_route=\/wp\/v2\/types\/post"}],"author":[{"embeddable":true,"href":"http:\/\/home.kaninchenversteigerung.de\/index.php?rest_route=\/wp\/v2\/users\/1"}],"replies":[{"embeddable":true,"href":"http:\/\/home.kaninchenversteigerung.de\/index.php?rest_route=%2Fwp%2Fv2%2Fcomments&post=185"}],"version-history":[{"count":2,"href":"http:\/\/home.kaninchenversteigerung.de\/index.php?rest_route=\/wp\/v2\/posts\/185\/revisions"}],"predecessor-version":[{"id":189,"href":"http:\/\/home.kaninchenversteigerung.de\/index.php?rest_route=\/wp\/v2\/posts\/185\/revisions\/189"}],"wp:featuredmedia":[{"embeddable":true,"href":"http:\/\/home.kaninchenversteigerung.de\/index.php?rest_route=\/wp\/v2\/media\/187"}],"wp:attachment":[{"href":"http:\/\/home.kaninchenversteigerung.de\/index.php?rest_route=%2Fwp%2Fv2%2Fmedia&parent=185"}],"wp:term":[{"taxonomy":"category","embeddable":true,"href":"http:\/\/home.kaninchenversteigerung.de\/index.php?rest_route=%2Fwp%2Fv2%2Fcategories&post=185"},{"taxonomy":"post_tag","embeddable":true,"href":"http:\/\/home.kaninchenversteigerung.de\/index.php?rest_route=%2Fwp%2Fv2%2Ftags&post=185"}],"curies":[{"name":"wp","href":"https:\/\/api.w.org\/{rel}","templated":true}]}}